{"id":475,"date":"2021-10-03T22:48:01","date_gmt":"2021-10-03T20:48:01","guid":{"rendered":"https:\/\/wlkskrakus.pl\/jezdziectwo\/475-2\/"},"modified":"2023-07-18T09:31:16","modified_gmt":"2023-07-18T07:31:16","slug":"475-2","status":"publish","type":"post","link":"https:\/\/wlkskrakus.pl\/jezdziectwo\/475-2\/","title":{"rendered":"Fina\u0142 MLJ i TPM 2021"},"content":{"rendered":"<p>Zako\u0144czyli\u015bmy sezon 2021<br \/>\nDzi\u0119kujemy wszystkim uczestnikom za liczny udzia\u0142 w zawodach w WLKS Krakus w sezonie 2021.<br \/>\nGratulujemy zwyci\u0119zcom Ma\u0142opolskiej Ligi Je\u017adzieckiej i Towarzyskiego Pucharu Ma\u0142opolski.<br \/>\n<a href=\"http:\/\/wlkskrakus.pl\/jezdziectwo\/wp-content\/uploads\/sites\/3\/2021\/10\/MLJ-2021-FINAL-runda-zlota.pdf\">MLJ 2021 FINA\u0141 runda z\u0142ota<\/a> \u00a0<a href=\"http:\/\/wlkskrakus.pl\/jezdziectwo\/wp-content\/uploads\/sites\/3\/2021\/10\/MLJ-2021-FINAL-runda-srebrna.pdf\">MLJ 2021 FINA\u0141 runda srebrna<\/a> <a href=\"http:\/\/wlkskrakus.pl\/jezdziectwo\/wp-content\/uploads\/sites\/3\/2021\/10\/MLJ-2021-FINAL-runda-brazowa.pdf\">\u00a0MLJ 2021 FINA\u0141 runda br\u0105zowa<\/a><br \/>\n<a href=\"http:\/\/wlkskrakus.pl\/jezdziectwo\/wp-content\/uploads\/sites\/3\/2021\/10\/TPM-2021-FINAL-runda-zlota.pdf\">TPM 2021 FINA\u0141 runda z\u0142ota<\/a><a href=\"http:\/\/wlkskrakus.pl\/jezdziectwo\/wp-content\/uploads\/sites\/3\/2021\/10\/TPM-2021-FINAL-runda-srebrna.pdf\">\u00a0 TPM 2021 FINA\u0141 runda srebrna <\/a><a href=\"http:\/\/wlkskrakus.pl\/jezdziectwo\/wp-content\/uploads\/sites\/3\/2021\/10\/TPM-2021-FINAL-runda-brazowa.pdf\">TPM 2021 FINA\u0141 runda br\u0105zowa<\/a><\/p>\n<p>sk\u0142adamy podzi\u0119kowania<br \/>\n&#8211; s\u0119dziom i komisarzom<br \/>\n&#8211; w szczeg\u00f3lno\u015bci Januszowi W\u00f3jtowiczowi, za pomoc przy prowadzeniu rankingu MLJ i TPM,<br \/>\n&#8211; obs\u0142udze komputerowej czyli Kasi i Przemkowi<br \/>\n&#8211; gospodarzom toru &#8211; Piotrkowi Staniszewskiemu i Ani Skobrtal za ciekawe parkury<br \/>\n&#8211; weterynarzom<br \/>\n&#8211; kowalom<br \/>\n&#8211; obs\u0142udze medycznej<br \/>\nSerdecznie dzi\u0119kujemy naszym sponsorom, bez kt\u00f3rych te zawody nie by\u0142yby tak atrakcyjne:<br \/>\nsklepy je\u017adzieckie: Equishop, Equinell, Karino, Ksantos<br \/>\npanu Marcinowi Szewczykowi w\u0142a\u015bcicielowi Rajskiego Rancza oraz firmie reklamowej 3-line.<br \/>\n<strong>Wielkie dzi\u0119ki i do zobaczenia w przysz\u0142ym sezonie <\/strong><\/p>\n","protected":false},"excerpt":{"rendered":"<p>Zako\u0144czyli\u015bmy sezon 2021 Dzi\u0119kujemy wszystkim uczestnikom za liczny udzia\u0142 w zawodach w WLKS Krakus w sezonie 2021. Gratulujemy zwyci\u0119zcom Ma\u0142opolskiej Ligi Je\u017adzieckiej i Towarzyskiego Pucharu Ma\u0142opolski. MLJ 2021 FINA\u0141 runda z\u0142ota \u00a0MLJ 2021 FINA\u0141 runda srebrna \u00a0MLJ 2021 FINA\u0141 runda br\u0105zowa TPM 2021 FINA\u0141 runda z\u0142ota\u00a0 TPM 2021 FINA\u0141 runda srebrna TPM 2021 FINA\u0141 runda &hellip;<\/p>\n<p class=\"read-more\"> <a class=\"\" href=\"https:\/\/wlkskrakus.pl\/jezdziectwo\/475-2\/\"> <span class=\"screen-reader-text\">Fina\u0142 MLJ i TPM 2021<\/span> Read More \u00bb<\/a><\/p>\n","protected":false},"author":2,"featured_media":0,"comment_status":"open","ping_status":"open","sticky":false,"template":"","format":"standard","meta":{"site-sidebar-layout":"default","site-content-layout":"default","ast-global-header-display":"","ast-main-header-display":"","ast-hfb-above-header-display":"","ast-hfb-below-header-display":"","ast-hfb-mobile-header-display":"","site-post-title":"","ast-breadcrumbs-content":"","ast-featured-img":"","footer-sml-layout":"","theme-transparent-header-meta":"","adv-header-id-meta":"","stick-header-meta":"","header-above-stick-meta":"","header-main-stick-meta":"","header-below-stick-meta":"","footnotes":""},"categories":[1],"tags":[],"class_list":["post-475","post","type-post","status-publish","format-standard","hentry","category-bez-kategorii"],"yoast_head":"<!-- This site is optimized with the Yoast SEO plugin v21.1 - https:\/\/yoast.com\/wordpress\/plugins\/seo\/ -->\n<title>Fina\u0142 MLJ i TPM 2021 - WLKS KRAKUS SWOSZOWICE<\/title>\n<meta name=\"robots\" content=\"index, follow, max-snippet:-1, max-image-preview:large, max-video-preview:-1\" \/>\n<link rel=\"canonical\" href=\"https:\/\/wlkskrakus.pl\/jezdziectwo\/475-2\/\" \/>\n<meta property=\"og:locale\" content=\"pl_PL\" \/>\n<meta property=\"og:type\" content=\"article\" \/>\n<meta property=\"og:title\" content=\"Fina\u0142 MLJ i TPM 2021 - WLKS KRAKUS SWOSZOWICE\" \/>\n<meta property=\"og:description\" content=\"Zako\u0144czyli\u015bmy sezon 2021 Dzi\u0119kujemy wszystkim uczestnikom za liczny udzia\u0142 w zawodach w WLKS Krakus w sezonie 2021. Gratulujemy zwyci\u0119zcom Ma\u0142opolskiej Ligi Je\u017adzieckiej i Towarzyskiego Pucharu Ma\u0142opolski. MLJ 2021 FINA\u0141 runda z\u0142ota \u00a0MLJ 2021 FINA\u0141 runda srebrna \u00a0MLJ 2021 FINA\u0141 runda br\u0105zowa TPM 2021 FINA\u0141 runda z\u0142ota\u00a0 TPM 2021 FINA\u0141 runda srebrna TPM 2021 FINA\u0141 runda &hellip; Fina\u0142 MLJ i TPM 2021 Read More \u00bb\" \/>\n<meta property=\"og:url\" content=\"https:\/\/wlkskrakus.pl\/jezdziectwo\/475-2\/\" \/>\n<meta property=\"og:site_name\" content=\"WLKS KRAKUS SWOSZOWICE\" \/>\n<meta property=\"article:published_time\" content=\"2021-10-03T20:48:01+00:00\" \/>\n<meta property=\"article:modified_time\" content=\"2023-07-18T07:31:16+00:00\" \/>\n<meta name=\"author\" content=\"Grzegorz Zdziech\" \/>\n<meta name=\"twitter:card\" content=\"summary_large_image\" \/>\n<meta name=\"twitter:label1\" content=\"Napisane przez\" \/>\n\t<meta name=\"twitter:data1\" content=\"Grzegorz Zdziech\" \/>\n\t<meta name=\"twitter:label2\" content=\"Szacowany czas czytania\" \/>\n\t<meta name=\"twitter:data2\" content=\"1 minuta\" \/>\n<script type=\"application\/ld+json\" class=\"yoast-schema-graph\">{\"@context\":\"https:\/\/schema.org\",\"@graph\":[{\"@type\":\"Article\",\"@id\":\"https:\/\/wlkskrakus.pl\/jezdziectwo\/475-2\/#article\",\"isPartOf\":{\"@id\":\"https:\/\/wlkskrakus.pl\/jezdziectwo\/475-2\/\"},\"author\":{\"name\":\"Grzegorz Zdziech\",\"@id\":\"https:\/\/wlkskrakus.pl\/jezdziectwo\/#\/schema\/person\/0d00c32b0dd7e5cd823a835b0eb0fd44\"},\"headline\":\"Fina\u0142 MLJ i TPM 2021\",\"datePublished\":\"2021-10-03T20:48:01+00:00\",\"dateModified\":\"2023-07-18T07:31:16+00:00\",\"mainEntityOfPage\":{\"@id\":\"https:\/\/wlkskrakus.pl\/jezdziectwo\/475-2\/\"},\"wordCount\":160,\"commentCount\":0,\"publisher\":{\"@id\":\"https:\/\/wlkskrakus.pl\/jezdziectwo\/#organization\"},\"inLanguage\":\"pl-PL\",\"potentialAction\":[{\"@type\":\"CommentAction\",\"name\":\"Comment\",\"target\":[\"https:\/\/wlkskrakus.pl\/jezdziectwo\/475-2\/#respond\"]}]},{\"@type\":\"WebPage\",\"@id\":\"https:\/\/wlkskrakus.pl\/jezdziectwo\/475-2\/\",\"url\":\"https:\/\/wlkskrakus.pl\/jezdziectwo\/475-2\/\",\"name\":\"Fina\u0142 MLJ i TPM 2021 - WLKS KRAKUS SWOSZOWICE\",\"isPartOf\":{\"@id\":\"https:\/\/wlkskrakus.pl\/jezdziectwo\/#website\"},\"datePublished\":\"2021-10-03T20:48:01+00:00\",\"dateModified\":\"2023-07-18T07:31:16+00:00\",\"breadcrumb\":{\"@id\":\"https:\/\/wlkskrakus.pl\/jezdziectwo\/475-2\/#breadcrumb\"},\"inLanguage\":\"pl-PL\",\"potentialAction\":[{\"@type\":\"ReadAction\",\"target\":[\"https:\/\/wlkskrakus.pl\/jezdziectwo\/475-2\/\"]}]},{\"@type\":\"BreadcrumbList\",\"@id\":\"https:\/\/wlkskrakus.pl\/jezdziectwo\/475-2\/#breadcrumb\",\"itemListElement\":[{\"@type\":\"ListItem\",\"position\":1,\"name\":\"Strona g\u0142\u00f3wna\",\"item\":\"https:\/\/wlkskrakus.pl\/jezdziectwo\/\"},{\"@type\":\"ListItem\",\"position\":2,\"name\":\"Fina\u0142 MLJ i TPM 2021\"}]},{\"@type\":\"WebSite\",\"@id\":\"https:\/\/wlkskrakus.pl\/jezdziectwo\/#website\",\"url\":\"https:\/\/wlkskrakus.pl\/jezdziectwo\/\",\"name\":\"WLKS KRAKUS SWOSZOWICE\",\"description\":\"SEKCJA JE\u0179DZIECKA\",\"publisher\":{\"@id\":\"https:\/\/wlkskrakus.pl\/jezdziectwo\/#organization\"},\"potentialAction\":[{\"@type\":\"SearchAction\",\"target\":{\"@type\":\"EntryPoint\",\"urlTemplate\":\"https:\/\/wlkskrakus.pl\/jezdziectwo\/?s={search_term_string}\"},\"query-input\":\"required name=search_term_string\"}],\"inLanguage\":\"pl-PL\"},{\"@type\":\"Organization\",\"@id\":\"https:\/\/wlkskrakus.pl\/jezdziectwo\/#organization\",\"name\":\"WLKS KRAKUS SWOSZOWICE\",\"url\":\"https:\/\/wlkskrakus.pl\/jezdziectwo\/\",\"logo\":{\"@type\":\"ImageObject\",\"inLanguage\":\"pl-PL\",\"@id\":\"https:\/\/wlkskrakus.pl\/jezdziectwo\/#\/schema\/logo\/image\/\",\"url\":\"https:\/\/wlkskrakus.pl\/jezdziectwo\/wp-content\/uploads\/2023\/03\/cropped-logo.png\",\"contentUrl\":\"https:\/\/wlkskrakus.pl\/jezdziectwo\/wp-content\/uploads\/2023\/03\/cropped-logo.png\",\"width\":512,\"height\":512,\"caption\":\"WLKS KRAKUS SWOSZOWICE\"},\"image\":{\"@id\":\"https:\/\/wlkskrakus.pl\/jezdziectwo\/#\/schema\/logo\/image\/\"}},{\"@type\":\"Person\",\"@id\":\"https:\/\/wlkskrakus.pl\/jezdziectwo\/#\/schema\/person\/0d00c32b0dd7e5cd823a835b0eb0fd44\",\"name\":\"Grzegorz Zdziech\",\"image\":{\"@type\":\"ImageObject\",\"inLanguage\":\"pl-PL\",\"@id\":\"https:\/\/wlkskrakus.pl\/jezdziectwo\/#\/schema\/person\/image\/\",\"url\":\"https:\/\/secure.gravatar.com\/avatar\/a01930596eea053718378e08bb93ef361101338c3771e87ee680756fce8f05b1?s=96&d=mm&r=g\",\"contentUrl\":\"https:\/\/secure.gravatar.com\/avatar\/a01930596eea053718378e08bb93ef361101338c3771e87ee680756fce8f05b1?s=96&d=mm&r=g\",\"caption\":\"Grzegorz Zdziech\"},\"url\":\"https:\/\/wlkskrakus.pl\/jezdziectwo\/author\/grzegorz-zdziech\/\"}]}<\/script>\n<!-- \/ Yoast SEO plugin. -->","yoast_head_json":{"title":"Fina\u0142 MLJ i TPM 2021 - WLKS KRAKUS SWOSZOWICE","robots":{"index":"index","follow":"follow","max-snippet":"max-snippet:-1","max-image-preview":"max-image-preview:large","max-video-preview":"max-video-preview:-1"},"canonical":"https:\/\/wlkskrakus.pl\/jezdziectwo\/475-2\/","og_locale":"pl_PL","og_type":"article","og_title":"Fina\u0142 MLJ i TPM 2021 - WLKS KRAKUS SWOSZOWICE","og_description":"Zako\u0144czyli\u015bmy sezon 2021 Dzi\u0119kujemy wszystkim uczestnikom za liczny udzia\u0142 w zawodach w WLKS Krakus w sezonie 2021. Gratulujemy zwyci\u0119zcom Ma\u0142opolskiej Ligi Je\u017adzieckiej i Towarzyskiego Pucharu Ma\u0142opolski. MLJ 2021 FINA\u0141 runda z\u0142ota \u00a0MLJ 2021 FINA\u0141 runda srebrna \u00a0MLJ 2021 FINA\u0141 runda br\u0105zowa TPM 2021 FINA\u0141 runda z\u0142ota\u00a0 TPM 2021 FINA\u0141 runda srebrna TPM 2021 FINA\u0141 runda &hellip; Fina\u0142 MLJ i TPM 2021 Read More \u00bb","og_url":"https:\/\/wlkskrakus.pl\/jezdziectwo\/475-2\/","og_site_name":"WLKS KRAKUS SWOSZOWICE","article_published_time":"2021-10-03T20:48:01+00:00","article_modified_time":"2023-07-18T07:31:16+00:00","author":"Grzegorz Zdziech","twitter_card":"summary_large_image","twitter_misc":{"Napisane przez":"Grzegorz Zdziech","Szacowany czas czytania":"1 minuta"},"schema":{"@context":"https:\/\/schema.org","@graph":[{"@type":"Article","@id":"https:\/\/wlkskrakus.pl\/jezdziectwo\/475-2\/#article","isPartOf":{"@id":"https:\/\/wlkskrakus.pl\/jezdziectwo\/475-2\/"},"author":{"name":"Grzegorz Zdziech","@id":"https:\/\/wlkskrakus.pl\/jezdziectwo\/#\/schema\/person\/0d00c32b0dd7e5cd823a835b0eb0fd44"},"headline":"Fina\u0142 MLJ i TPM 2021","datePublished":"2021-10-03T20:48:01+00:00","dateModified":"2023-07-18T07:31:16+00:00","mainEntityOfPage":{"@id":"https:\/\/wlkskrakus.pl\/jezdziectwo\/475-2\/"},"wordCount":160,"commentCount":0,"publisher":{"@id":"https:\/\/wlkskrakus.pl\/jezdziectwo\/#organization"},"inLanguage":"pl-PL","potentialAction":[{"@type":"CommentAction","name":"Comment","target":["https:\/\/wlkskrakus.pl\/jezdziectwo\/475-2\/#respond"]}]},{"@type":"WebPage","@id":"https:\/\/wlkskrakus.pl\/jezdziectwo\/475-2\/","url":"https:\/\/wlkskrakus.pl\/jezdziectwo\/475-2\/","name":"Fina\u0142 MLJ i TPM 2021 - WLKS KRAKUS SWOSZOWICE","isPartOf":{"@id":"https:\/\/wlkskrakus.pl\/jezdziectwo\/#website"},"datePublished":"2021-10-03T20:48:01+00:00","dateModified":"2023-07-18T07:31:16+00:00","breadcrumb":{"@id":"https:\/\/wlkskrakus.pl\/jezdziectwo\/475-2\/#breadcrumb"},"inLanguage":"pl-PL","potentialAction":[{"@type":"ReadAction","target":["https:\/\/wlkskrakus.pl\/jezdziectwo\/475-2\/"]}]},{"@type":"BreadcrumbList","@id":"https:\/\/wlkskrakus.pl\/jezdziectwo\/475-2\/#breadcrumb","itemListElement":[{"@type":"ListItem","position":1,"name":"Strona g\u0142\u00f3wna","item":"https:\/\/wlkskrakus.pl\/jezdziectwo\/"},{"@type":"ListItem","position":2,"name":"Fina\u0142 MLJ i TPM 2021"}]},{"@type":"WebSite","@id":"https:\/\/wlkskrakus.pl\/jezdziectwo\/#website","url":"https:\/\/wlkskrakus.pl\/jezdziectwo\/","name":"WLKS KRAKUS SWOSZOWICE","description":"SEKCJA JE\u0179DZIECKA","publisher":{"@id":"https:\/\/wlkskrakus.pl\/jezdziectwo\/#organization"},"potentialAction":[{"@type":"SearchAction","target":{"@type":"EntryPoint","urlTemplate":"https:\/\/wlkskrakus.pl\/jezdziectwo\/?s={search_term_string}"},"query-input":"required name=search_term_string"}],"inLanguage":"pl-PL"},{"@type":"Organization","@id":"https:\/\/wlkskrakus.pl\/jezdziectwo\/#organization","name":"WLKS KRAKUS SWOSZOWICE","url":"https:\/\/wlkskrakus.pl\/jezdziectwo\/","logo":{"@type":"ImageObject","inLanguage":"pl-PL","@id":"https:\/\/wlkskrakus.pl\/jezdziectwo\/#\/schema\/logo\/image\/","url":"https:\/\/wlkskrakus.pl\/jezdziectwo\/wp-content\/uploads\/2023\/03\/cropped-logo.png","contentUrl":"https:\/\/wlkskrakus.pl\/jezdziectwo\/wp-content\/uploads\/2023\/03\/cropped-logo.png","width":512,"height":512,"caption":"WLKS KRAKUS SWOSZOWICE"},"image":{"@id":"https:\/\/wlkskrakus.pl\/jezdziectwo\/#\/schema\/logo\/image\/"}},{"@type":"Person","@id":"https:\/\/wlkskrakus.pl\/jezdziectwo\/#\/schema\/person\/0d00c32b0dd7e5cd823a835b0eb0fd44","name":"Grzegorz Zdziech","image":{"@type":"ImageObject","inLanguage":"pl-PL","@id":"https:\/\/wlkskrakus.pl\/jezdziectwo\/#\/schema\/person\/image\/","url":"https:\/\/secure.gravatar.com\/avatar\/a01930596eea053718378e08bb93ef361101338c3771e87ee680756fce8f05b1?s=96&d=mm&r=g","contentUrl":"https:\/\/secure.gravatar.com\/avatar\/a01930596eea053718378e08bb93ef361101338c3771e87ee680756fce8f05b1?s=96&d=mm&r=g","caption":"Grzegorz Zdziech"},"url":"https:\/\/wlkskrakus.pl\/jezdziectwo\/author\/grzegorz-zdziech\/"}]}},"_links":{"self":[{"href":"https:\/\/wlkskrakus.pl\/jezdziectwo\/wp-json\/wp\/v2\/posts\/475","targetHints":{"allow":["GET"]}}],"collection":[{"href":"https:\/\/wlkskrakus.pl\/jezdziectwo\/wp-json\/wp\/v2\/posts"}],"about":[{"href":"https:\/\/wlkskrakus.pl\/jezdziectwo\/wp-json\/wp\/v2\/types\/post"}],"author":[{"embeddable":true,"href":"https:\/\/wlkskrakus.pl\/jezdziectwo\/wp-json\/wp\/v2\/users\/2"}],"replies":[{"embeddable":true,"href":"https:\/\/wlkskrakus.pl\/jezdziectwo\/wp-json\/wp\/v2\/comments?post=475"}],"version-history":[{"count":0,"href":"https:\/\/wlkskrakus.pl\/jezdziectwo\/wp-json\/wp\/v2\/posts\/475\/revisions"}],"wp:attachment":[{"href":"https:\/\/wlkskrakus.pl\/jezdziectwo\/wp-json\/wp\/v2\/media?parent=475"}],"wp:term":[{"taxonomy":"category","embeddable":true,"href":"https:\/\/wlkskrakus.pl\/jezdziectwo\/wp-json\/wp\/v2\/categories?post=475"},{"taxonomy":"post_tag","embeddable":true,"href":"https:\/\/wlkskrakus.pl\/jezdziectwo\/wp-json\/wp\/v2\/tags?post=475"}],"curies":[{"name":"wp","href":"https:\/\/api.w.org\/{rel}","templated":true}]}}