{"id":11008,"date":"2021-09-14T09:37:19","date_gmt":"2021-09-14T07:37:19","guid":{"rendered":"https:\/\/wlks.krenet.pl\/pilka\/rozpoczecie-sezonu-zakow\/"},"modified":"2023-09-01T09:42:38","modified_gmt":"2023-09-01T07:42:38","slug":"rozpoczecie-sezonu-zakow","status":"publish","type":"post","link":"https:\/\/wlkskrakus.pl\/pilka\/rozpoczecie-sezonu-zakow\/","title":{"rendered":"Rozpocz\u0119cie sezonu \u017bak\u00f3w"},"content":{"rendered":"<p>\u017baki Krakusa z grupy czerwonej i zielonej zainaugurowa\u0142y w minion\u0105 sobot\u0119 sezon pi\u0142karski 2021\/2022 wsp\u00f3lnym treningiem, w formie turnieju wewn\u0119trznego. W tym dniu wyniki by\u0142y nieistotne, najwa\u017cniejsza by\u0142a ch\u0119\u0107 gry i dobra sportowa zabawa. To r\u00f3wnie\u017c dobre przetarcie przed zbli\u017caj\u0105cymi si\u0119 rozgrywkami jesiennymi, kt\u00f3re ju\u017c rozpoczynaj\u0105 si\u0119 za tydzie\u0144. Pozdrawiamy i zapraszamy na treningi w najbli\u017cszych dniach.<br \/>\n\u017baki grupa zielona Krakusa Swoszowice zainaugurowa\u0142y w sobot\u0119 sezon jesienny. Zesp\u00f3\u0142 z\u0142o\u017cony ca\u0142kowicie z ch\u0142opc\u00f3w urodzonych w roczniku 2014\/2015 bardzo udanie rozpocz\u0105\u0142 swoje rozgrywki. W pierwszym meczu ch\u0142opcy pokonali wysoko dru\u017cyn\u0119 Garbarni. W drugim meczu graj\u0105c z gospodarzem Victori\u0105 Krak\u00f3w by\u0142o ju\u017c nieco trudniej, ale i ten mecz dzi\u0119ki swojej determinacji i woli walki przechylili na swoj\u0105 korzy\u015b\u0107. Ka\u017cda strzelona przez nas bramka to eksplozja rado\u015bci i mega cieszynki. Wa\u017cne w tym wieku pozytywne emocje towarzyszy\u0142y m\u0142odym zawodnikom przez ca\u0142y czas gry. W turnieju zagrali:<br \/>\nSwoboda Franek, Stachura Wiktor, Buszta Iwo, Gniadek Aleksander, Kindlik Jurek, Rakowski Eryk, Nosal Antoni, Wrzecion Andrzej, Wr\u00f3bel Kacper.<br \/>\n\u017baki czerwone natomiast wype\u0142niaj\u0105c luk\u0119 po niestawieniu si\u0119 innych zespo\u0142\u00f3w na turniej, rozegra\u0142y w ramach dodatkowego treningu gr\u0119 wewn\u0119trzn\u0105.<br \/>\nFot. D. D\u0119bski<\/p>\n<div data-max-count=\"5\" data-thumbnail-width=\"180\" data-bwg=\"0\" data-gallery-id=\"145\" data-lightbox-url=\"http:\/\/pilka.wlkskrakus.pl\/wp-admin\/admin-ajax.php?action=GalleryBox&amp;current_view=0&amp;gallery_id=145&amp;tag=0&amp;theme_id=1&amp;shortcode_id=344&amp;sort_by=filename&amp;order_by=asc&amp;current_url=http%3A%2F%2Fpilka.wlkskrakus.pl%2F2021%2F09%2Frozpoczecie-sezonu-zakow%2F\" id=\"bwg_thumbnails_0\" class=\"bwg-container-0 bwg-thumbnails bwg-standard-thumbnails bwg-container bwg-border-box\">\n<div class=\"bwg-item\" style=\"width: 25%;\">        <a class=\"bwg-a bwg_lightbox\" data-image-id=\"4920\" href=\"http:\/\/pilka.wlkskrakus.pl\/wp-content\/uploads\/photo-gallery\/imported_from_media_libray\/241671908_304610811465656_9024283834242392312_n.jpg?bwg=1631605000\" data-elementor-open-lightbox=\"no\"><\/p>\n<div class=\"bwg-item0 \">\n<div class=\"bwg-item1 \">\n<div class=\"bwg-item2\" style=\"margin-left: 0px; margin-top: -22px;\">              <img decoding=\"async\" class=\"skip-lazy bwg_standart_thumb_img_0 \" data-id=\"4920\" data-width=\"300\" data-height=\"225\" data-src=\"https:\/\/wlks.krenet.pl\/pilka\/wp-content\/uploads\/2023\/08\/241671908_304610811465656_9024283834242392312_n.jpg\" src=\"https:\/\/wlks.krenet.pl\/pilka\/wp-content\/uploads\/2023\/08\/241671908_304610811465656_9024283834242392312_n.jpg\" alt=\"241671908_304610811465656_9024283834242392312_n\" title=\"241671908_304610811465656_9024283834242392312_n\" style=\"max-width: 100%; height: 132px;\"><\/div>\n<div class=\"\"><\/div>\n<\/div>\n<\/div>\n<p><\/a><\/div>\n<div class=\"bwg-item\" style=\"width: 25%;\">        <a class=\"bwg-a bwg_lightbox\" data-image-id=\"4937\" href=\"http:\/\/pilka.wlkskrakus.pl\/wp-content\/uploads\/photo-gallery\/imported_from_media_libray\/241747209_304611264798944_2980801208486176699_n.jpg?bwg=1631605000\" data-elementor-open-lightbox=\"no\"><\/p>\n<div class=\"bwg-item0 \">\n<div class=\"bwg-item1 \">\n<div class=\"bwg-item2\" style=\"margin-left: 0px; margin-top: -22px;\">              <img decoding=\"async\" class=\"skip-lazy bwg_standart_thumb_img_0 \" data-id=\"4937\" data-width=\"300\" data-height=\"225\" data-src=\"https:\/\/wlks.krenet.pl\/pilka\/wp-content\/uploads\/2023\/08\/241747209_304611264798944_2980801208486176699_n.jpg\" src=\"https:\/\/wlks.krenet.pl\/pilka\/wp-content\/uploads\/2023\/08\/241747209_304611264798944_2980801208486176699_n.jpg\" alt=\"241747209_304611264798944_2980801208486176699_n\" title=\"241747209_304611264798944_2980801208486176699_n\" style=\"max-width: 100%; height: 132px;\"><\/div>\n<div class=\"\"><\/div>\n<\/div>\n<\/div>\n<p><\/a><\/div>\n<div class=\"bwg-item\" style=\"width: 25%;\">        <a class=\"bwg-a bwg_lightbox\" data-image-id=\"4936\" href=\"http:\/\/pilka.wlkskrakus.pl\/wp-content\/uploads\/photo-gallery\/imported_from_media_libray\/241747522_304610918132312_1861643301881487699_n.jpg?bwg=1631605000\" data-elementor-open-lightbox=\"no\"><\/p>\n<div class=\"bwg-item0 \">\n<div class=\"bwg-item1 \">\n<div class=\"bwg-item2\" style=\"margin-left: 0px; margin-top: -22px;\">              <img decoding=\"async\" class=\"skip-lazy bwg_standart_thumb_img_0 \" data-id=\"4936\" data-width=\"300\" data-height=\"225\" data-src=\"https:\/\/wlks.krenet.pl\/pilka\/wp-content\/uploads\/2023\/08\/241747522_304610918132312_1861643301881487699_n.jpg\" src=\"https:\/\/wlks.krenet.pl\/pilka\/wp-content\/uploads\/2023\/08\/241747522_304610918132312_1861643301881487699_n.jpg\" alt=\"241747522_304610918132312_1861643301881487699_n\" title=\"241747522_304610918132312_1861643301881487699_n\" style=\"max-width: 100%; height: 132px;\"><\/div>\n<div class=\"\"><\/div>\n<\/div>\n<\/div>\n<p><\/a><\/div>\n<div class=\"bwg-item\" style=\"width: 25%;\">        <a class=\"bwg-a bwg_lightbox\" data-image-id=\"4935\" href=\"http:\/\/pilka.wlkskrakus.pl\/wp-content\/uploads\/photo-gallery\/imported_from_media_libray\/241747526_304610581465679_4127458661653366502_n.jpg?bwg=1631605000\" data-elementor-open-lightbox=\"no\"><\/p>\n<div class=\"bwg-item0 \">\n<div class=\"bwg-item1 \">\n<div class=\"bwg-item2\" style=\"margin-left: 0px; margin-top: -22px;\">              <img decoding=\"async\" class=\"skip-lazy bwg_standart_thumb_img_0 \" data-id=\"4935\" data-width=\"300\" data-height=\"225\" data-src=\"https:\/\/wlks.krenet.pl\/pilka\/wp-content\/uploads\/2023\/08\/241747526_304610581465679_4127458661653366502_n.jpg\" src=\"https:\/\/wlks.krenet.pl\/pilka\/wp-content\/uploads\/2023\/08\/241747526_304610581465679_4127458661653366502_n.jpg\" alt=\"241747526_304610581465679_4127458661653366502_n\" title=\"241747526_304610581465679_4127458661653366502_n\" style=\"max-width: 100%; height: 132px;\"><\/div>\n<div class=\"\"><\/div>\n<\/div>\n<\/div>\n<p><\/a><\/div>\n<div class=\"bwg-item\" style=\"width: 25%;\">        <a class=\"bwg-a bwg_lightbox\" data-image-id=\"4934\" href=\"http:\/\/pilka.wlkskrakus.pl\/wp-content\/uploads\/photo-gallery\/imported_from_media_libray\/241747530_304610994798971_6522913373262671631_n.jpg?bwg=1631605000\" data-elementor-open-lightbox=\"no\"><\/p>\n<div class=\"bwg-item0 \">\n<div class=\"bwg-item1 \">\n<div class=\"bwg-item2\" style=\"margin-left: 0px; margin-top: -22px;\">              <img decoding=\"async\" class=\"skip-lazy bwg_standart_thumb_img_0 \" data-id=\"4934\" data-width=\"300\" data-height=\"225\" data-src=\"https:\/\/wlks.krenet.pl\/pilka\/wp-content\/uploads\/2023\/08\/241747530_304610994798971_6522913373262671631_n.jpg\" src=\"https:\/\/wlks.krenet.pl\/pilka\/wp-content\/uploads\/2023\/08\/241747530_304610994798971_6522913373262671631_n.jpg\" alt=\"241747530_304610994798971_6522913373262671631_n\" title=\"241747530_304610994798971_6522913373262671631_n\" style=\"max-width: 100%; height: 132px;\"><\/div>\n<div class=\"\"><\/div>\n<\/div>\n<\/div>\n<p><\/a><\/div>\n<div class=\"bwg-item\" style=\"width: 25%;\">        <a class=\"bwg-a bwg_lightbox\" data-image-id=\"4933\" href=\"http:\/\/pilka.wlkskrakus.pl\/wp-content\/uploads\/photo-gallery\/imported_from_media_libray\/241749183_304610858132318_6138871903770694580_n.jpg?bwg=1631605000\" data-elementor-open-lightbox=\"no\"><\/p>\n<div class=\"bwg-item0 \">\n<div class=\"bwg-item1 \">\n<div class=\"bwg-item2\" style=\"margin-left: 0px; margin-top: -22px;\">              <img decoding=\"async\" class=\"skip-lazy bwg_standart_thumb_img_0 \" data-id=\"4933\" data-width=\"300\" data-height=\"225\" data-src=\"https:\/\/wlks.krenet.pl\/pilka\/wp-content\/uploads\/2023\/08\/241749183_304610858132318_6138871903770694580_n.jpg\" src=\"https:\/\/wlks.krenet.pl\/pilka\/wp-content\/uploads\/2023\/08\/241749183_304610858132318_6138871903770694580_n.jpg\" alt=\"241749183_304610858132318_6138871903770694580_n\" title=\"241749183_304610858132318_6138871903770694580_n\" style=\"max-width: 100%; height: 132px;\"><\/div>\n<div class=\"\"><\/div>\n<\/div>\n<\/div>\n<p><\/a><\/div>\n<div class=\"bwg-item\" style=\"width: 25%;\">        <a class=\"bwg-a bwg_lightbox\" data-image-id=\"4932\" href=\"http:\/\/pilka.wlkskrakus.pl\/wp-content\/uploads\/photo-gallery\/imported_from_media_libray\/241752568_304611201465617_6024203924905785651_n.jpg?bwg=1631605000\" data-elementor-open-lightbox=\"no\"><\/p>\n<div class=\"bwg-item0 \">\n<div class=\"bwg-item1 \">\n<div class=\"bwg-item2\" style=\"margin-left: 0px; margin-top: -22px;\">              <img decoding=\"async\" class=\"skip-lazy bwg_standart_thumb_img_0 \" data-id=\"4932\" data-width=\"300\" data-height=\"225\" data-src=\"https:\/\/wlks.krenet.pl\/pilka\/wp-content\/uploads\/2023\/08\/241752568_304611201465617_6024203924905785651_n.jpg\" src=\"https:\/\/wlks.krenet.pl\/pilka\/wp-content\/uploads\/2023\/08\/241752568_304611201465617_6024203924905785651_n.jpg\" alt=\"241752568_304611201465617_6024203924905785651_n\" title=\"241752568_304611201465617_6024203924905785651_n\" style=\"max-width: 100%; height: 132px;\"><\/div>\n<div class=\"\"><\/div>\n<\/div>\n<\/div>\n<p><\/a><\/div>\n<div class=\"bwg-item\" style=\"width: 25%;\">        <a class=\"bwg-a bwg_lightbox\" data-image-id=\"4931\" href=\"http:\/\/pilka.wlkskrakus.pl\/wp-content\/uploads\/photo-gallery\/imported_from_media_libray\/241752578_304611111465626_270003592949709355_n.jpg?bwg=1631605000\" data-elementor-open-lightbox=\"no\"><\/p>\n<div class=\"bwg-item0 \">\n<div class=\"bwg-item1 \">\n<div class=\"bwg-item2\" style=\"margin-left: 0px; margin-top: -22px;\">              <img decoding=\"async\" class=\"skip-lazy bwg_standart_thumb_img_0 \" data-id=\"4931\" data-width=\"300\" data-height=\"225\" data-src=\"https:\/\/wlks.krenet.pl\/pilka\/wp-content\/uploads\/2023\/08\/241752578_304611111465626_270003592949709355_n.jpg\" src=\"https:\/\/wlks.krenet.pl\/pilka\/wp-content\/uploads\/2023\/08\/241752578_304611111465626_270003592949709355_n.jpg\" alt=\"241752578_304611111465626_270003592949709355_n\" title=\"241752578_304611111465626_270003592949709355_n\" style=\"max-width: 100%; height: 132px;\"><\/div>\n<div class=\"\"><\/div>\n<\/div>\n<\/div>\n<p><\/a><\/div>\n<div class=\"bwg-item\" style=\"width: 25%;\">        <a class=\"bwg-a bwg_lightbox\" data-image-id=\"4930\" href=\"http:\/\/pilka.wlkskrakus.pl\/wp-content\/uploads\/photo-gallery\/imported_from_media_libray\/241753346_304611304798940_191937015831445937_n.jpg?bwg=1631605000\" data-elementor-open-lightbox=\"no\"><\/p>\n<div class=\"bwg-item0 \">\n<div class=\"bwg-item1 \">\n<div class=\"bwg-item2\" style=\"margin-left: 0px; margin-top: -22px;\">              <img decoding=\"async\" class=\"skip-lazy bwg_standart_thumb_img_0 \" data-id=\"4930\" data-width=\"300\" data-height=\"225\" data-src=\"https:\/\/wlks.krenet.pl\/pilka\/wp-content\/uploads\/2023\/08\/241753346_304611304798940_191937015831445937_n.jpg\" src=\"https:\/\/wlks.krenet.pl\/pilka\/wp-content\/uploads\/2023\/08\/241753346_304611304798940_191937015831445937_n.jpg\" alt=\"241753346_304611304798940_191937015831445937_n\" title=\"241753346_304611304798940_191937015831445937_n\" style=\"max-width: 100%; height: 132px;\"><\/div>\n<div class=\"\"><\/div>\n<\/div>\n<\/div>\n<p><\/a><\/div>\n<div class=\"bwg-item\" style=\"width: 25%;\">        <a class=\"bwg-a bwg_lightbox\" data-image-id=\"4929\" href=\"http:\/\/pilka.wlkskrakus.pl\/wp-content\/uploads\/photo-gallery\/imported_from_media_libray\/241754185_304610701465667_8959043095241216284_n.jpg?bwg=1631605000\" data-elementor-open-lightbox=\"no\"><\/p>\n<div class=\"bwg-item0 \">\n<div class=\"bwg-item1 \">\n<div class=\"bwg-item2\" style=\"margin-left: 0px; margin-top: -22px;\">              <img decoding=\"async\" class=\"skip-lazy bwg_standart_thumb_img_0 \" data-id=\"4929\" data-width=\"300\" data-height=\"225\" data-src=\"https:\/\/wlks.krenet.pl\/pilka\/wp-content\/uploads\/2023\/08\/241754185_304610701465667_8959043095241216284_n.jpg\" src=\"https:\/\/wlks.krenet.pl\/pilka\/wp-content\/uploads\/2023\/08\/241754185_304610701465667_8959043095241216284_n.jpg\" alt=\"241754185_304610701465667_8959043095241216284_n\" title=\"241754185_304610701465667_8959043095241216284_n\" style=\"max-width: 100%; height: 132px;\"><\/div>\n<div class=\"\"><\/div>\n<\/div>\n<\/div>\n<p><\/a><\/div>\n<div class=\"bwg-item\" style=\"width: 25%;\">        <a class=\"bwg-a bwg_lightbox\" data-image-id=\"4928\" href=\"http:\/\/pilka.wlkskrakus.pl\/wp-content\/uploads\/photo-gallery\/imported_from_media_libray\/241754433_304610951465642_1733468646035083341_n.jpg?bwg=1631605000\" data-elementor-open-lightbox=\"no\"><\/p>\n<div class=\"bwg-item0 \">\n<div class=\"bwg-item1 \">\n<div class=\"bwg-item2\" style=\"margin-left: 0px; margin-top: -22px;\">              <img decoding=\"async\" class=\"skip-lazy bwg_standart_thumb_img_0 \" data-id=\"4928\" data-width=\"300\" data-height=\"225\" data-src=\"https:\/\/wlks.krenet.pl\/pilka\/wp-content\/uploads\/2023\/08\/241754433_304610951465642_1733468646035083341_n.jpg\" src=\"https:\/\/wlks.krenet.pl\/pilka\/wp-content\/uploads\/2023\/08\/241754433_304610951465642_1733468646035083341_n.jpg\" alt=\"241754433_304610951465642_1733468646035083341_n\" title=\"241754433_304610951465642_1733468646035083341_n\" style=\"max-width: 100%; height: 132px;\"><\/div>\n<div class=\"\"><\/div>\n<\/div>\n<\/div>\n<p><\/a><\/div>\n<div class=\"bwg-item\" style=\"width: 25%;\">        <a class=\"bwg-a bwg_lightbox\" data-image-id=\"4927\" href=\"http:\/\/pilka.wlkskrakus.pl\/wp-content\/uploads\/photo-gallery\/imported_from_media_libray\/241756940_304610638132340_4624419966835864134_n.jpg?bwg=1631605000\" data-elementor-open-lightbox=\"no\"><\/p>\n<div class=\"bwg-item0 \">\n<div class=\"bwg-item1 \">\n<div class=\"bwg-item2\" style=\"margin-left: 0px; margin-top: -22px;\">              <img decoding=\"async\" class=\"skip-lazy bwg_standart_thumb_img_0 \" data-id=\"4927\" data-width=\"300\" data-height=\"225\" data-src=\"https:\/\/wlks.krenet.pl\/pilka\/wp-content\/uploads\/2023\/08\/241756940_304610638132340_4624419966835864134_n.jpg\" src=\"https:\/\/wlks.krenet.pl\/pilka\/wp-content\/uploads\/2023\/08\/241756940_304610638132340_4624419966835864134_n.jpg\" alt=\"241756940_304610638132340_4624419966835864134_n\" title=\"241756940_304610638132340_4624419966835864134_n\" style=\"max-width: 100%; height: 132px;\"><\/div>\n<div class=\"\"><\/div>\n<\/div>\n<\/div>\n<p><\/a><\/div>\n<div class=\"bwg-item\" style=\"width: 25%;\">        <a class=\"bwg-a bwg_lightbox\" data-image-id=\"4926\" href=\"http:\/\/pilka.wlkskrakus.pl\/wp-content\/uploads\/photo-gallery\/imported_from_media_libray\/241757829_304611041465633_3442311775623116735_n.jpg?bwg=1631605000\" data-elementor-open-lightbox=\"no\"><\/p>\n<div class=\"bwg-item0 \">\n<div class=\"bwg-item1 \">\n<div class=\"bwg-item2\" style=\"margin-left: 0px; margin-top: -22px;\">              <img decoding=\"async\" class=\"skip-lazy bwg_standart_thumb_img_0 \" data-id=\"4926\" data-width=\"300\" data-height=\"225\" data-src=\"https:\/\/wlks.krenet.pl\/pilka\/wp-content\/uploads\/2023\/08\/241757829_304611041465633_3442311775623116735_n.jpg\" src=\"https:\/\/wlks.krenet.pl\/pilka\/wp-content\/uploads\/2023\/08\/241757829_304611041465633_3442311775623116735_n.jpg\" alt=\"241757829_304611041465633_3442311775623116735_n\" title=\"241757829_304611041465633_3442311775623116735_n\" style=\"max-width: 100%; height: 132px;\"><\/div>\n<div class=\"\"><\/div>\n<\/div>\n<\/div>\n<p><\/a><\/div>\n<div class=\"bwg-item\" style=\"width: 25%;\">        <a class=\"bwg-a bwg_lightbox\" data-image-id=\"4925\" href=\"http:\/\/pilka.wlkskrakus.pl\/wp-content\/uploads\/photo-gallery\/imported_from_media_libray\/241760753_304610431465694_8160847908379020469_n.jpg?bwg=1631605000\" data-elementor-open-lightbox=\"no\"><\/p>\n<div class=\"bwg-item0 \">\n<div class=\"bwg-item1 \">\n<div class=\"bwg-item2\" style=\"margin-left: 0px; margin-top: -22px;\">              <img decoding=\"async\" class=\"skip-lazy bwg_standart_thumb_img_0 \" data-id=\"4925\" data-width=\"300\" data-height=\"225\" data-src=\"https:\/\/wlks.krenet.pl\/pilka\/wp-content\/uploads\/2023\/08\/241760753_304610431465694_8160847908379020469_n.jpg\" src=\"https:\/\/wlks.krenet.pl\/pilka\/wp-content\/uploads\/2023\/08\/241760753_304610431465694_8160847908379020469_n.jpg\" alt=\"241760753_304610431465694_8160847908379020469_n\" title=\"241760753_304610431465694_8160847908379020469_n\" style=\"max-width: 100%; height: 132px;\"><\/div>\n<div class=\"\"><\/div>\n<\/div>\n<\/div>\n<p><\/a><\/div>\n<div class=\"bwg-item\" style=\"width: 25%;\">        <a class=\"bwg-a bwg_lightbox\" data-image-id=\"4924\" href=\"http:\/\/pilka.wlkskrakus.pl\/wp-content\/uploads\/photo-gallery\/imported_from_media_libray\/241762954_304610761465661_1794393643959767958_n.jpg?bwg=1631605000\" data-elementor-open-lightbox=\"no\"><\/p>\n<div class=\"bwg-item0 \">\n<div class=\"bwg-item1 \">\n<div class=\"bwg-item2\" style=\"margin-left: 0px; margin-top: -22px;\">              <img decoding=\"async\" class=\"skip-lazy bwg_standart_thumb_img_0 \" data-id=\"4924\" data-width=\"300\" data-height=\"225\" data-src=\"https:\/\/wlks.krenet.pl\/pilka\/wp-content\/uploads\/2023\/08\/241762954_304610761465661_1794393643959767958_n.jpg\" src=\"https:\/\/wlks.krenet.pl\/pilka\/wp-content\/uploads\/2023\/08\/241762954_304610761465661_1794393643959767958_n.jpg\" alt=\"241762954_304610761465661_1794393643959767958_n\" title=\"241762954_304610761465661_1794393643959767958_n\" style=\"max-width: 100%; height: 132px;\"><\/div>\n<div class=\"\"><\/div>\n<\/div>\n<\/div>\n<p><\/a><\/div>\n<div class=\"bwg-item\" style=\"width: 25%;\">        <a class=\"bwg-a bwg_lightbox\" data-image-id=\"4922\" href=\"http:\/\/pilka.wlkskrakus.pl\/wp-content\/uploads\/photo-gallery\/imported_from_media_libray\/241765664_304610461465691_2802664203367068044_n.jpg?bwg=1631605000\" data-elementor-open-lightbox=\"no\"><\/p>\n<div class=\"bwg-item0 \">\n<div class=\"bwg-item1 \">\n<div class=\"bwg-item2\" style=\"margin-left: 0px; margin-top: -22px;\">              <img decoding=\"async\" class=\"skip-lazy bwg_standart_thumb_img_0 \" data-id=\"4922\" data-width=\"300\" data-height=\"225\" data-src=\"https:\/\/wlks.krenet.pl\/pilka\/wp-content\/uploads\/2023\/08\/241765664_304610461465691_2802664203367068044_n.jpg\" src=\"https:\/\/wlks.krenet.pl\/pilka\/wp-content\/uploads\/2023\/08\/241765664_304610461465691_2802664203367068044_n.jpg\" alt=\"241765664_304610461465691_2802664203367068044_n\" title=\"241765664_304610461465691_2802664203367068044_n\" style=\"max-width: 100%; height: 132px;\"><\/div>\n<div class=\"\"><\/div>\n<\/div>\n<\/div>\n<p><\/a><\/div>\n<div class=\"bwg-item\" style=\"width: 25%;\">        <a class=\"bwg-a bwg_lightbox\" data-image-id=\"4923\" href=\"http:\/\/pilka.wlkskrakus.pl\/wp-content\/uploads\/photo-gallery\/imported_from_media_libray\/241777207_304610528132351_6828955313128068793_n.jpg?bwg=1631605000\" data-elementor-open-lightbox=\"no\"><\/p>\n<div class=\"bwg-item0 \">\n<div class=\"bwg-item1 \">\n<div class=\"bwg-item2\" style=\"margin-left: 0px; margin-top: -22px;\">              <img decoding=\"async\" class=\"skip-lazy bwg_standart_thumb_img_0 \" data-id=\"4923\" data-width=\"300\" data-height=\"225\" data-src=\"https:\/\/wlks.krenet.pl\/pilka\/wp-content\/uploads\/2023\/08\/241777207_304610528132351_6828955313128068793_n.jpg\" src=\"https:\/\/wlks.krenet.pl\/pilka\/wp-content\/uploads\/2023\/08\/241777207_304610528132351_6828955313128068793_n.jpg\" alt=\"241777207_304610528132351_6828955313128068793_n\" title=\"241777207_304610528132351_6828955313128068793_n\" style=\"max-width: 100%; height: 132px;\"><\/div>\n<div class=\"\"><\/div>\n<\/div>\n<\/div>\n<p><\/a><\/div>\n<div class=\"bwg-item\" style=\"width: 25%;\">        <a class=\"bwg-a bwg_lightbox\" data-image-id=\"4921\" href=\"http:\/\/pilka.wlkskrakus.pl\/wp-content\/uploads\/photo-gallery\/imported_from_media_libray\/241778664_304611168132287_4140326046306799118_n.jpg?bwg=1631605000\" data-elementor-open-lightbox=\"no\"><\/p>\n<div class=\"bwg-item0 \">\n<div class=\"bwg-item1 \">\n<div class=\"bwg-item2\" style=\"margin-left: 0px; margin-top: -22px;\">              <img decoding=\"async\" class=\"skip-lazy bwg_standart_thumb_img_0 \" data-id=\"4921\" data-width=\"300\" data-height=\"225\" data-src=\"https:\/\/wlks.krenet.pl\/pilka\/wp-content\/uploads\/2023\/08\/241778664_304611168132287_4140326046306799118_n.jpg\" src=\"https:\/\/wlks.krenet.pl\/pilka\/wp-content\/uploads\/2023\/08\/241778664_304611168132287_4140326046306799118_n.jpg\" alt=\"241778664_304611168132287_4140326046306799118_n\" title=\"241778664_304611168132287_4140326046306799118_n\" style=\"max-width: 100%; height: 132px;\"><\/div>\n<div class=\"\"><\/div>\n<\/div>\n<\/div>\n<p><\/a><\/div>\n<\/div>\n","protected":false},"excerpt":{"rendered":"<p>\u017baki Krakusa z grupy czerwonej i zielonej zainaugurowa\u0142y w minion\u0105 sobot\u0119 sezon pi\u0142karski 2021\/2022 wsp\u00f3lnym treningiem, w formie turnieju wewn\u0119trznego. W tym dniu wyniki by\u0142y nieistotne, najwa\u017cniejsza by\u0142a ch\u0119\u0107 gry i dobra sportowa zabawa. To r\u00f3wnie\u017c dobre przetarcie przed zbli\u017caj\u0105cymi si\u0119 rozgrywkami jesiennymi, kt\u00f3re ju\u017c rozpoczynaj\u0105 si\u0119 za tydzie\u0144. Pozdrawiamy i zapraszamy na treningi w &hellip;<\/p>\n<p class=\"read-more\"> <a class=\"\" href=\"https:\/\/wlkskrakus.pl\/pilka\/rozpoczecie-sezonu-zakow\/\"> <span class=\"screen-reader-text\">Rozpocz\u0119cie sezonu \u017bak\u00f3w<\/span> Read More \u00bb<\/a><\/p>\n","protected":false},"author":4,"featured_media":18713,"comment_status":"closed","ping_status":"closed","sticky":false,"template":"","format":"standard","meta":{"site-sidebar-layout":"default","site-content-layout":"default","ast-global-header-display":"","ast-main-header-display":"","ast-hfb-above-header-display":"","ast-hfb-below-header-display":"","ast-hfb-mobile-header-display":"","site-post-title":"","ast-breadcrumbs-content":"","ast-featured-img":"","footer-sml-layout":"","theme-transparent-header-meta":"","adv-header-id-meta":"","stick-header-meta":"","header-above-stick-meta":"","header-main-stick-meta":"","header-below-stick-meta":"","footnotes":""},"categories":[13],"tags":[],"class_list":["post-11008","post","type-post","status-publish","format-standard","has-post-thumbnail","hentry","category-klub"],"yoast_head":"<!-- This site is optimized with the Yoast SEO plugin v21.1 - https:\/\/yoast.com\/wordpress\/plugins\/seo\/ -->\n<title>Rozpocz\u0119cie sezonu \u017bak\u00f3w - WLKS KRAKUS SWOSZOWICE<\/title>\n<meta name=\"robots\" content=\"index, follow, max-snippet:-1, max-image-preview:large, max-video-preview:-1\" \/>\n<link rel=\"canonical\" href=\"https:\/\/wlkskrakus.pl\/pilka\/rozpoczecie-sezonu-zakow\/\" \/>\n<meta property=\"og:locale\" content=\"pl_PL\" \/>\n<meta property=\"og:type\" content=\"article\" \/>\n<meta property=\"og:title\" content=\"Rozpocz\u0119cie sezonu \u017bak\u00f3w - WLKS KRAKUS SWOSZOWICE\" \/>\n<meta property=\"og:description\" content=\"\u017baki Krakusa z grupy czerwonej i zielonej zainaugurowa\u0142y w minion\u0105 sobot\u0119 sezon pi\u0142karski 2021\/2022 wsp\u00f3lnym treningiem, w formie turnieju wewn\u0119trznego. W tym dniu wyniki by\u0142y nieistotne, najwa\u017cniejsza by\u0142a ch\u0119\u0107 gry i dobra sportowa zabawa. To r\u00f3wnie\u017c dobre przetarcie przed zbli\u017caj\u0105cymi si\u0119 rozgrywkami jesiennymi, kt\u00f3re ju\u017c rozpoczynaj\u0105 si\u0119 za tydzie\u0144. Pozdrawiamy i zapraszamy na treningi w &hellip; Rozpocz\u0119cie sezonu \u017bak\u00f3w Read More \u00bb\" \/>\n<meta property=\"og:url\" content=\"https:\/\/wlkskrakus.pl\/pilka\/rozpoczecie-sezonu-zakow\/\" \/>\n<meta property=\"og:site_name\" content=\"WLKS KRAKUS SWOSZOWICE\" \/>\n<meta property=\"article:published_time\" content=\"2021-09-14T07:37:19+00:00\" \/>\n<meta property=\"article:modified_time\" content=\"2023-09-01T07:42:38+00:00\" \/>\n<meta property=\"og:image\" content=\"https:\/\/wlkskrakus.pl\/pilka\/wp-content\/uploads\/2023\/08\/241671908_304610811465656_9024283834242392312_n.jpg\" \/>\n<meta name=\"author\" content=\"admin\" \/>\n<meta name=\"twitter:card\" content=\"summary_large_image\" \/>\n<meta name=\"twitter:label1\" content=\"Napisane przez\" \/>\n\t<meta name=\"twitter:data1\" content=\"admin\" \/>\n\t<meta name=\"twitter:label2\" content=\"Szacowany czas czytania\" \/>\n\t<meta name=\"twitter:data2\" content=\"1 minuta\" \/>\n<script type=\"application\/ld+json\" class=\"yoast-schema-graph\">{\"@context\":\"https:\/\/schema.org\",\"@graph\":[{\"@type\":\"Article\",\"@id\":\"https:\/\/wlkskrakus.pl\/pilka\/rozpoczecie-sezonu-zakow\/#article\",\"isPartOf\":{\"@id\":\"https:\/\/wlkskrakus.pl\/pilka\/rozpoczecie-sezonu-zakow\/\"},\"author\":{\"name\":\"admin\",\"@id\":\"https:\/\/wlkskrakus.pl\/pilka\/#\/schema\/person\/28cb240a3a062b81767c639f7052f28b\"},\"headline\":\"Rozpocz\u0119cie sezonu \u017bak\u00f3w\",\"datePublished\":\"2021-09-14T07:37:19+00:00\",\"dateModified\":\"2023-09-01T07:42:38+00:00\",\"mainEntityOfPage\":{\"@id\":\"https:\/\/wlkskrakus.pl\/pilka\/rozpoczecie-sezonu-zakow\/\"},\"wordCount\":222,\"publisher\":{\"@id\":\"https:\/\/wlkskrakus.pl\/pilka\/#organization\"},\"articleSection\":[\"Klub\"],\"inLanguage\":\"pl-PL\"},{\"@type\":\"WebPage\",\"@id\":\"https:\/\/wlkskrakus.pl\/pilka\/rozpoczecie-sezonu-zakow\/\",\"url\":\"https:\/\/wlkskrakus.pl\/pilka\/rozpoczecie-sezonu-zakow\/\",\"name\":\"Rozpocz\u0119cie sezonu \u017bak\u00f3w - WLKS KRAKUS SWOSZOWICE\",\"isPartOf\":{\"@id\":\"https:\/\/wlkskrakus.pl\/pilka\/#website\"},\"datePublished\":\"2021-09-14T07:37:19+00:00\",\"dateModified\":\"2023-09-01T07:42:38+00:00\",\"breadcrumb\":{\"@id\":\"https:\/\/wlkskrakus.pl\/pilka\/rozpoczecie-sezonu-zakow\/#breadcrumb\"},\"inLanguage\":\"pl-PL\",\"potentialAction\":[{\"@type\":\"ReadAction\",\"target\":[\"https:\/\/wlkskrakus.pl\/pilka\/rozpoczecie-sezonu-zakow\/\"]}]},{\"@type\":\"BreadcrumbList\",\"@id\":\"https:\/\/wlkskrakus.pl\/pilka\/rozpoczecie-sezonu-zakow\/#breadcrumb\",\"itemListElement\":[{\"@type\":\"ListItem\",\"position\":1,\"name\":\"Strona g\u0142\u00f3wna\",\"item\":\"https:\/\/wlkskrakus.pl\/pilka\/\"},{\"@type\":\"ListItem\",\"position\":2,\"name\":\"Rozpocz\u0119cie sezonu \u017bak\u00f3w\"}]},{\"@type\":\"WebSite\",\"@id\":\"https:\/\/wlkskrakus.pl\/pilka\/#website\",\"url\":\"https:\/\/wlkskrakus.pl\/pilka\/\",\"name\":\"WLKS KRAKUS SWOSZOWICE\",\"description\":\"SEKCJA PI\u0141KI NO\u017bNEJ\",\"publisher\":{\"@id\":\"https:\/\/wlkskrakus.pl\/pilka\/#organization\"},\"potentialAction\":[{\"@type\":\"SearchAction\",\"target\":{\"@type\":\"EntryPoint\",\"urlTemplate\":\"https:\/\/wlkskrakus.pl\/pilka\/?s={search_term_string}\"},\"query-input\":\"required name=search_term_string\"}],\"inLanguage\":\"pl-PL\"},{\"@type\":\"Organization\",\"@id\":\"https:\/\/wlkskrakus.pl\/pilka\/#organization\",\"name\":\"WLKS KRAKUS SWOSZOWICE\",\"url\":\"https:\/\/wlkskrakus.pl\/pilka\/\",\"logo\":{\"@type\":\"ImageObject\",\"inLanguage\":\"pl-PL\",\"@id\":\"https:\/\/wlkskrakus.pl\/pilka\/#\/schema\/logo\/image\/\",\"url\":\"https:\/\/wlkskrakus.pl\/pilka\/wp-content\/uploads\/2023\/03\/cropped-logo.png\",\"contentUrl\":\"https:\/\/wlkskrakus.pl\/pilka\/wp-content\/uploads\/2023\/03\/cropped-logo.png\",\"width\":512,\"height\":512,\"caption\":\"WLKS KRAKUS SWOSZOWICE\"},\"image\":{\"@id\":\"https:\/\/wlkskrakus.pl\/pilka\/#\/schema\/logo\/image\/\"}},{\"@type\":\"Person\",\"@id\":\"https:\/\/wlkskrakus.pl\/pilka\/#\/schema\/person\/28cb240a3a062b81767c639f7052f28b\",\"name\":\"admin\",\"image\":{\"@type\":\"ImageObject\",\"inLanguage\":\"pl-PL\",\"@id\":\"https:\/\/wlkskrakus.pl\/pilka\/#\/schema\/person\/image\/\",\"url\":\"https:\/\/secure.gravatar.com\/avatar\/131ca7a19a6d8ebc7913d9f6c7cb6fec7aaa4fed0925d3408ed04c3ea704fa1b?s=96&d=mm&r=g\",\"contentUrl\":\"https:\/\/secure.gravatar.com\/avatar\/131ca7a19a6d8ebc7913d9f6c7cb6fec7aaa4fed0925d3408ed04c3ea704fa1b?s=96&d=mm&r=g\",\"caption\":\"admin\"},\"url\":\"https:\/\/wlkskrakus.pl\/pilka\/author\/admin\/\"}]}<\/script>\n<!-- \/ Yoast SEO plugin. -->","yoast_head_json":{"title":"Rozpocz\u0119cie sezonu \u017bak\u00f3w - WLKS KRAKUS SWOSZOWICE","robots":{"index":"index","follow":"follow","max-snippet":"max-snippet:-1","max-image-preview":"max-image-preview:large","max-video-preview":"max-video-preview:-1"},"canonical":"https:\/\/wlkskrakus.pl\/pilka\/rozpoczecie-sezonu-zakow\/","og_locale":"pl_PL","og_type":"article","og_title":"Rozpocz\u0119cie sezonu \u017bak\u00f3w - WLKS KRAKUS SWOSZOWICE","og_description":"\u017baki Krakusa z grupy czerwonej i zielonej zainaugurowa\u0142y w minion\u0105 sobot\u0119 sezon pi\u0142karski 2021\/2022 wsp\u00f3lnym treningiem, w formie turnieju wewn\u0119trznego. W tym dniu wyniki by\u0142y nieistotne, najwa\u017cniejsza by\u0142a ch\u0119\u0107 gry i dobra sportowa zabawa. To r\u00f3wnie\u017c dobre przetarcie przed zbli\u017caj\u0105cymi si\u0119 rozgrywkami jesiennymi, kt\u00f3re ju\u017c rozpoczynaj\u0105 si\u0119 za tydzie\u0144. Pozdrawiamy i zapraszamy na treningi w &hellip; Rozpocz\u0119cie sezonu \u017bak\u00f3w Read More \u00bb","og_url":"https:\/\/wlkskrakus.pl\/pilka\/rozpoczecie-sezonu-zakow\/","og_site_name":"WLKS KRAKUS SWOSZOWICE","article_published_time":"2021-09-14T07:37:19+00:00","article_modified_time":"2023-09-01T07:42:38+00:00","og_image":[{"url":"https:\/\/wlkskrakus.pl\/pilka\/wp-content\/uploads\/2023\/08\/241671908_304610811465656_9024283834242392312_n.jpg"}],"author":"admin","twitter_card":"summary_large_image","twitter_misc":{"Napisane przez":"admin","Szacowany czas czytania":"1 minuta"},"schema":{"@context":"https:\/\/schema.org","@graph":[{"@type":"Article","@id":"https:\/\/wlkskrakus.pl\/pilka\/rozpoczecie-sezonu-zakow\/#article","isPartOf":{"@id":"https:\/\/wlkskrakus.pl\/pilka\/rozpoczecie-sezonu-zakow\/"},"author":{"name":"admin","@id":"https:\/\/wlkskrakus.pl\/pilka\/#\/schema\/person\/28cb240a3a062b81767c639f7052f28b"},"headline":"Rozpocz\u0119cie sezonu \u017bak\u00f3w","datePublished":"2021-09-14T07:37:19+00:00","dateModified":"2023-09-01T07:42:38+00:00","mainEntityOfPage":{"@id":"https:\/\/wlkskrakus.pl\/pilka\/rozpoczecie-sezonu-zakow\/"},"wordCount":222,"publisher":{"@id":"https:\/\/wlkskrakus.pl\/pilka\/#organization"},"articleSection":["Klub"],"inLanguage":"pl-PL"},{"@type":"WebPage","@id":"https:\/\/wlkskrakus.pl\/pilka\/rozpoczecie-sezonu-zakow\/","url":"https:\/\/wlkskrakus.pl\/pilka\/rozpoczecie-sezonu-zakow\/","name":"Rozpocz\u0119cie sezonu \u017bak\u00f3w - WLKS KRAKUS SWOSZOWICE","isPartOf":{"@id":"https:\/\/wlkskrakus.pl\/pilka\/#website"},"datePublished":"2021-09-14T07:37:19+00:00","dateModified":"2023-09-01T07:42:38+00:00","breadcrumb":{"@id":"https:\/\/wlkskrakus.pl\/pilka\/rozpoczecie-sezonu-zakow\/#breadcrumb"},"inLanguage":"pl-PL","potentialAction":[{"@type":"ReadAction","target":["https:\/\/wlkskrakus.pl\/pilka\/rozpoczecie-sezonu-zakow\/"]}]},{"@type":"BreadcrumbList","@id":"https:\/\/wlkskrakus.pl\/pilka\/rozpoczecie-sezonu-zakow\/#breadcrumb","itemListElement":[{"@type":"ListItem","position":1,"name":"Strona g\u0142\u00f3wna","item":"https:\/\/wlkskrakus.pl\/pilka\/"},{"@type":"ListItem","position":2,"name":"Rozpocz\u0119cie sezonu \u017bak\u00f3w"}]},{"@type":"WebSite","@id":"https:\/\/wlkskrakus.pl\/pilka\/#website","url":"https:\/\/wlkskrakus.pl\/pilka\/","name":"WLKS KRAKUS SWOSZOWICE","description":"SEKCJA PI\u0141KI NO\u017bNEJ","publisher":{"@id":"https:\/\/wlkskrakus.pl\/pilka\/#organization"},"potentialAction":[{"@type":"SearchAction","target":{"@type":"EntryPoint","urlTemplate":"https:\/\/wlkskrakus.pl\/pilka\/?s={search_term_string}"},"query-input":"required name=search_term_string"}],"inLanguage":"pl-PL"},{"@type":"Organization","@id":"https:\/\/wlkskrakus.pl\/pilka\/#organization","name":"WLKS KRAKUS SWOSZOWICE","url":"https:\/\/wlkskrakus.pl\/pilka\/","logo":{"@type":"ImageObject","inLanguage":"pl-PL","@id":"https:\/\/wlkskrakus.pl\/pilka\/#\/schema\/logo\/image\/","url":"https:\/\/wlkskrakus.pl\/pilka\/wp-content\/uploads\/2023\/03\/cropped-logo.png","contentUrl":"https:\/\/wlkskrakus.pl\/pilka\/wp-content\/uploads\/2023\/03\/cropped-logo.png","width":512,"height":512,"caption":"WLKS KRAKUS SWOSZOWICE"},"image":{"@id":"https:\/\/wlkskrakus.pl\/pilka\/#\/schema\/logo\/image\/"}},{"@type":"Person","@id":"https:\/\/wlkskrakus.pl\/pilka\/#\/schema\/person\/28cb240a3a062b81767c639f7052f28b","name":"admin","image":{"@type":"ImageObject","inLanguage":"pl-PL","@id":"https:\/\/wlkskrakus.pl\/pilka\/#\/schema\/person\/image\/","url":"https:\/\/secure.gravatar.com\/avatar\/131ca7a19a6d8ebc7913d9f6c7cb6fec7aaa4fed0925d3408ed04c3ea704fa1b?s=96&d=mm&r=g","contentUrl":"https:\/\/secure.gravatar.com\/avatar\/131ca7a19a6d8ebc7913d9f6c7cb6fec7aaa4fed0925d3408ed04c3ea704fa1b?s=96&d=mm&r=g","caption":"admin"},"url":"https:\/\/wlkskrakus.pl\/pilka\/author\/admin\/"}]}},"_links":{"self":[{"href":"https:\/\/wlkskrakus.pl\/pilka\/wp-json\/wp\/v2\/posts\/11008","targetHints":{"allow":["GET"]}}],"collection":[{"href":"https:\/\/wlkskrakus.pl\/pilka\/wp-json\/wp\/v2\/posts"}],"about":[{"href":"https:\/\/wlkskrakus.pl\/pilka\/wp-json\/wp\/v2\/types\/post"}],"author":[{"embeddable":true,"href":"https:\/\/wlkskrakus.pl\/pilka\/wp-json\/wp\/v2\/users\/4"}],"replies":[{"embeddable":true,"href":"https:\/\/wlkskrakus.pl\/pilka\/wp-json\/wp\/v2\/comments?post=11008"}],"version-history":[{"count":0,"href":"https:\/\/wlkskrakus.pl\/pilka\/wp-json\/wp\/v2\/posts\/11008\/revisions"}],"wp:featuredmedia":[{"embeddable":true,"href":"https:\/\/wlkskrakus.pl\/pilka\/wp-json\/wp\/v2\/media\/18713"}],"wp:attachment":[{"href":"https:\/\/wlkskrakus.pl\/pilka\/wp-json\/wp\/v2\/media?parent=11008"}],"wp:term":[{"taxonomy":"category","embeddable":true,"href":"https:\/\/wlkskrakus.pl\/pilka\/wp-json\/wp\/v2\/categories?post=11008"},{"taxonomy":"post_tag","embeddable":true,"href":"https:\/\/wlkskrakus.pl\/pilka\/wp-json\/wp\/v2\/tags?post=11008"}],"curies":[{"name":"wp","href":"https:\/\/api.w.org\/{rel}","templated":true}]}}