{"id":11575,"date":"2022-08-31T11:22:56","date_gmt":"2022-08-31T09:22:56","guid":{"rendered":"https:\/\/wlks.krenet.pl\/pilka\/zmiana-wysokosci-oplat-w-sezonie-2022-23\/"},"modified":"2023-09-01T09:48:13","modified_gmt":"2023-09-01T07:48:13","slug":"zmiana-wysokosci-oplat-w-sezonie-2022-23","status":"publish","type":"post","link":"https:\/\/wlkskrakus.pl\/pilka\/zmiana-wysokosci-oplat-w-sezonie-2022-23\/","title":{"rendered":"Zmiana wysoko\u015bci op\u0142at w sezonie 2022\/23"},"content":{"rendered":"<p style=\\\"text-align: justify;\\\">Szanowni Pa\u0144stwo. Z uwagi na post\u0119puj\u0105ce od wielu miesi\u0119cy wzrosty cen, kt\u00f3re znacz\u0105co wp\u0142ywaj\u0105 r\u00f3wnie\u017c na koszty utrzymania sekcji pi\u0142ki no\u017cnej WLKS Krakus Swoszowice, jeste\u015bmy zmuszeni zmieni\u0107 wysoko\u015b\u0107 op\u0142aty cz\u0142onkowskiej.<\/p>\n<p style=\\\"text-align: justify;\\\">Od dnia <strong>01.09.2022<\/strong> b\u0119dzie ona wynosi\u0107 <strong>150 z\u0142<\/strong> miesi\u0119cznie za zawodnika. W przypadku, gdy na zaj\u0119cia sekcji pi\u0142ki no\u017cnej ucz\u0119szcza rodze\u0144stwo op\u0142ata cz\u0142onkowska wynosi <strong>110 z\u0142<\/strong> miesi\u0119cznie za zawodnika.<\/p>\n<p style=\\\"text-align: justify;\\\">Mamy nadziej\u0119, \u017ce wprowadzona podwy\u017cka nie zrujnuje Pa\u0144stwa bud\u017cet\u00f3w domowych, mocno ju\u017c nadszarpni\u0119tych post\u0119puj\u0105c\u0105 inflacj\u0105. Nie chcemy, aby sytuacja ekonomiczna by\u0142a przeszkod\u0105 w uprawianiu sportu przez dzieci i m\u0142odzie\u017c, dlatego w sytuacjach trudnych prosimy o bezpo\u015bredni kontakt z kierownictwem sekcji.<\/p>\n","protected":false},"excerpt":{"rendered":"<p>Szanowni Pa\u0144stwo. Z uwagi na post\u0119puj\u0105ce od wielu miesi\u0119cy wzrosty cen, kt\u00f3re znacz\u0105co wp\u0142ywaj\u0105 r\u00f3wnie\u017c na koszty utrzymania sekcji pi\u0142ki no\u017cnej WLKS Krakus Swoszowice, jeste\u015bmy zmuszeni zmieni\u0107 wysoko\u015b\u0107 op\u0142aty cz\u0142onkowskiej. Od dnia 01.09.2022 b\u0119dzie ona wynosi\u0107 150 z\u0142 miesi\u0119cznie za zawodnika. W przypadku, gdy na zaj\u0119cia sekcji pi\u0142ki no\u017cnej ucz\u0119szcza rodze\u0144stwo op\u0142ata cz\u0142onkowska wynosi 110 &hellip;<\/p>\n<p class=\"read-more\"> <a class=\"\" href=\"https:\/\/wlkskrakus.pl\/pilka\/zmiana-wysokosci-oplat-w-sezonie-2022-23\/\"> <span class=\"screen-reader-text\">Zmiana wysoko\u015bci op\u0142at w sezonie 2022\/23<\/span> Read More \u00bb<\/a><\/p>\n","protected":false},"author":4,"featured_media":18693,"comment_status":"closed","ping_status":"closed","sticky":false,"template":"","format":"standard","meta":{"site-sidebar-layout":"default","site-content-layout":"default","ast-global-header-display":"","ast-main-header-display":"","ast-hfb-above-header-display":"","ast-hfb-below-header-display":"","ast-hfb-mobile-header-display":"","site-post-title":"","ast-breadcrumbs-content":"","ast-featured-img":"","footer-sml-layout":"","theme-transparent-header-meta":"","adv-header-id-meta":"","stick-header-meta":"","header-above-stick-meta":"","header-main-stick-meta":"","header-below-stick-meta":"","footnotes":""},"categories":[13],"tags":[],"class_list":["post-11575","post","type-post","status-publish","format-standard","has-post-thumbnail","hentry","category-klub"],"yoast_head":"<!-- This site is optimized with the Yoast SEO plugin v21.1 - https:\/\/yoast.com\/wordpress\/plugins\/seo\/ -->\n<title>Zmiana wysoko\u015bci op\u0142at w sezonie 2022\/23 - WLKS KRAKUS SWOSZOWICE<\/title>\n<meta name=\"robots\" content=\"index, follow, max-snippet:-1, max-image-preview:large, max-video-preview:-1\" \/>\n<link rel=\"canonical\" href=\"https:\/\/wlkskrakus.pl\/pilka\/zmiana-wysokosci-oplat-w-sezonie-2022-23\/\" \/>\n<meta property=\"og:locale\" content=\"pl_PL\" \/>\n<meta property=\"og:type\" content=\"article\" \/>\n<meta property=\"og:title\" content=\"Zmiana wysoko\u015bci op\u0142at w sezonie 2022\/23 - WLKS KRAKUS SWOSZOWICE\" \/>\n<meta property=\"og:description\" content=\"Szanowni Pa\u0144stwo. Z uwagi na post\u0119puj\u0105ce od wielu miesi\u0119cy wzrosty cen, kt\u00f3re znacz\u0105co wp\u0142ywaj\u0105 r\u00f3wnie\u017c na koszty utrzymania sekcji pi\u0142ki no\u017cnej WLKS Krakus Swoszowice, jeste\u015bmy zmuszeni zmieni\u0107 wysoko\u015b\u0107 op\u0142aty cz\u0142onkowskiej. Od dnia 01.09.2022 b\u0119dzie ona wynosi\u0107 150 z\u0142 miesi\u0119cznie za zawodnika. W przypadku, gdy na zaj\u0119cia sekcji pi\u0142ki no\u017cnej ucz\u0119szcza rodze\u0144stwo op\u0142ata cz\u0142onkowska wynosi 110 &hellip; Zmiana wysoko\u015bci op\u0142at w sezonie 2022\/23 Read More \u00bb\" \/>\n<meta property=\"og:url\" content=\"https:\/\/wlkskrakus.pl\/pilka\/zmiana-wysokosci-oplat-w-sezonie-2022-23\/\" \/>\n<meta property=\"og:site_name\" content=\"WLKS KRAKUS SWOSZOWICE\" \/>\n<meta property=\"article:published_time\" content=\"2022-08-31T09:22:56+00:00\" \/>\n<meta property=\"article:modified_time\" content=\"2023-09-01T07:48:13+00:00\" \/>\n<meta property=\"og:image\" content=\"https:\/\/wlkskrakus.pl\/pilka\/wp-content\/uploads\/2023\/09\/football-257489_1280-1024x576-1.png\" \/>\n\t<meta property=\"og:image:width\" content=\"1024\" \/>\n\t<meta property=\"og:image:height\" content=\"576\" \/>\n\t<meta property=\"og:image:type\" content=\"image\/png\" \/>\n<meta name=\"author\" content=\"admin\" \/>\n<meta name=\"twitter:card\" content=\"summary_large_image\" \/>\n<meta name=\"twitter:label1\" content=\"Napisane przez\" \/>\n\t<meta name=\"twitter:data1\" content=\"admin\" \/>\n\t<meta name=\"twitter:label2\" content=\"Szacowany czas czytania\" \/>\n\t<meta name=\"twitter:data2\" content=\"1 minuta\" \/>\n<script type=\"application\/ld+json\" class=\"yoast-schema-graph\">{\"@context\":\"https:\/\/schema.org\",\"@graph\":[{\"@type\":\"Article\",\"@id\":\"https:\/\/wlkskrakus.pl\/pilka\/zmiana-wysokosci-oplat-w-sezonie-2022-23\/#article\",\"isPartOf\":{\"@id\":\"https:\/\/wlkskrakus.pl\/pilka\/zmiana-wysokosci-oplat-w-sezonie-2022-23\/\"},\"author\":{\"name\":\"admin\",\"@id\":\"https:\/\/wlkskrakus.pl\/pilka\/#\/schema\/person\/28cb240a3a062b81767c639f7052f28b\"},\"headline\":\"Zmiana wysoko\u015bci op\u0142at w sezonie 2022\/23\",\"datePublished\":\"2022-08-31T09:22:56+00:00\",\"dateModified\":\"2023-09-01T07:48:13+00:00\",\"mainEntityOfPage\":{\"@id\":\"https:\/\/wlkskrakus.pl\/pilka\/zmiana-wysokosci-oplat-w-sezonie-2022-23\/\"},\"wordCount\":136,\"publisher\":{\"@id\":\"https:\/\/wlkskrakus.pl\/pilka\/#organization\"},\"articleSection\":[\"Klub\"],\"inLanguage\":\"pl-PL\"},{\"@type\":\"WebPage\",\"@id\":\"https:\/\/wlkskrakus.pl\/pilka\/zmiana-wysokosci-oplat-w-sezonie-2022-23\/\",\"url\":\"https:\/\/wlkskrakus.pl\/pilka\/zmiana-wysokosci-oplat-w-sezonie-2022-23\/\",\"name\":\"Zmiana wysoko\u015bci op\u0142at w sezonie 2022\/23 - WLKS KRAKUS SWOSZOWICE\",\"isPartOf\":{\"@id\":\"https:\/\/wlkskrakus.pl\/pilka\/#website\"},\"datePublished\":\"2022-08-31T09:22:56+00:00\",\"dateModified\":\"2023-09-01T07:48:13+00:00\",\"breadcrumb\":{\"@id\":\"https:\/\/wlkskrakus.pl\/pilka\/zmiana-wysokosci-oplat-w-sezonie-2022-23\/#breadcrumb\"},\"inLanguage\":\"pl-PL\",\"potentialAction\":[{\"@type\":\"ReadAction\",\"target\":[\"https:\/\/wlkskrakus.pl\/pilka\/zmiana-wysokosci-oplat-w-sezonie-2022-23\/\"]}]},{\"@type\":\"BreadcrumbList\",\"@id\":\"https:\/\/wlkskrakus.pl\/pilka\/zmiana-wysokosci-oplat-w-sezonie-2022-23\/#breadcrumb\",\"itemListElement\":[{\"@type\":\"ListItem\",\"position\":1,\"name\":\"Strona g\u0142\u00f3wna\",\"item\":\"https:\/\/wlkskrakus.pl\/pilka\/\"},{\"@type\":\"ListItem\",\"position\":2,\"name\":\"Zmiana wysoko\u015bci op\u0142at w sezonie 2022\/23\"}]},{\"@type\":\"WebSite\",\"@id\":\"https:\/\/wlkskrakus.pl\/pilka\/#website\",\"url\":\"https:\/\/wlkskrakus.pl\/pilka\/\",\"name\":\"WLKS KRAKUS SWOSZOWICE\",\"description\":\"SEKCJA PI\u0141KI NO\u017bNEJ\",\"publisher\":{\"@id\":\"https:\/\/wlkskrakus.pl\/pilka\/#organization\"},\"potentialAction\":[{\"@type\":\"SearchAction\",\"target\":{\"@type\":\"EntryPoint\",\"urlTemplate\":\"https:\/\/wlkskrakus.pl\/pilka\/?s={search_term_string}\"},\"query-input\":\"required name=search_term_string\"}],\"inLanguage\":\"pl-PL\"},{\"@type\":\"Organization\",\"@id\":\"https:\/\/wlkskrakus.pl\/pilka\/#organization\",\"name\":\"WLKS KRAKUS SWOSZOWICE\",\"url\":\"https:\/\/wlkskrakus.pl\/pilka\/\",\"logo\":{\"@type\":\"ImageObject\",\"inLanguage\":\"pl-PL\",\"@id\":\"https:\/\/wlkskrakus.pl\/pilka\/#\/schema\/logo\/image\/\",\"url\":\"https:\/\/wlkskrakus.pl\/pilka\/wp-content\/uploads\/2023\/03\/cropped-logo.png\",\"contentUrl\":\"https:\/\/wlkskrakus.pl\/pilka\/wp-content\/uploads\/2023\/03\/cropped-logo.png\",\"width\":512,\"height\":512,\"caption\":\"WLKS KRAKUS SWOSZOWICE\"},\"image\":{\"@id\":\"https:\/\/wlkskrakus.pl\/pilka\/#\/schema\/logo\/image\/\"}},{\"@type\":\"Person\",\"@id\":\"https:\/\/wlkskrakus.pl\/pilka\/#\/schema\/person\/28cb240a3a062b81767c639f7052f28b\",\"name\":\"admin\",\"image\":{\"@type\":\"ImageObject\",\"inLanguage\":\"pl-PL\",\"@id\":\"https:\/\/wlkskrakus.pl\/pilka\/#\/schema\/person\/image\/\",\"url\":\"https:\/\/secure.gravatar.com\/avatar\/131ca7a19a6d8ebc7913d9f6c7cb6fec7aaa4fed0925d3408ed04c3ea704fa1b?s=96&d=mm&r=g\",\"contentUrl\":\"https:\/\/secure.gravatar.com\/avatar\/131ca7a19a6d8ebc7913d9f6c7cb6fec7aaa4fed0925d3408ed04c3ea704fa1b?s=96&d=mm&r=g\",\"caption\":\"admin\"},\"url\":\"https:\/\/wlkskrakus.pl\/pilka\/author\/admin\/\"}]}<\/script>\n<!-- \/ Yoast SEO plugin. -->","yoast_head_json":{"title":"Zmiana wysoko\u015bci op\u0142at w sezonie 2022\/23 - WLKS KRAKUS SWOSZOWICE","robots":{"index":"index","follow":"follow","max-snippet":"max-snippet:-1","max-image-preview":"max-image-preview:large","max-video-preview":"max-video-preview:-1"},"canonical":"https:\/\/wlkskrakus.pl\/pilka\/zmiana-wysokosci-oplat-w-sezonie-2022-23\/","og_locale":"pl_PL","og_type":"article","og_title":"Zmiana wysoko\u015bci op\u0142at w sezonie 2022\/23 - WLKS KRAKUS SWOSZOWICE","og_description":"Szanowni Pa\u0144stwo. Z uwagi na post\u0119puj\u0105ce od wielu miesi\u0119cy wzrosty cen, kt\u00f3re znacz\u0105co wp\u0142ywaj\u0105 r\u00f3wnie\u017c na koszty utrzymania sekcji pi\u0142ki no\u017cnej WLKS Krakus Swoszowice, jeste\u015bmy zmuszeni zmieni\u0107 wysoko\u015b\u0107 op\u0142aty cz\u0142onkowskiej. Od dnia 01.09.2022 b\u0119dzie ona wynosi\u0107 150 z\u0142 miesi\u0119cznie za zawodnika. W przypadku, gdy na zaj\u0119cia sekcji pi\u0142ki no\u017cnej ucz\u0119szcza rodze\u0144stwo op\u0142ata cz\u0142onkowska wynosi 110 &hellip; Zmiana wysoko\u015bci op\u0142at w sezonie 2022\/23 Read More \u00bb","og_url":"https:\/\/wlkskrakus.pl\/pilka\/zmiana-wysokosci-oplat-w-sezonie-2022-23\/","og_site_name":"WLKS KRAKUS SWOSZOWICE","article_published_time":"2022-08-31T09:22:56+00:00","article_modified_time":"2023-09-01T07:48:13+00:00","og_image":[{"width":1024,"height":576,"url":"https:\/\/wlkskrakus.pl\/pilka\/wp-content\/uploads\/2023\/09\/football-257489_1280-1024x576-1.png","type":"image\/png"}],"author":"admin","twitter_card":"summary_large_image","twitter_misc":{"Napisane przez":"admin","Szacowany czas czytania":"1 minuta"},"schema":{"@context":"https:\/\/schema.org","@graph":[{"@type":"Article","@id":"https:\/\/wlkskrakus.pl\/pilka\/zmiana-wysokosci-oplat-w-sezonie-2022-23\/#article","isPartOf":{"@id":"https:\/\/wlkskrakus.pl\/pilka\/zmiana-wysokosci-oplat-w-sezonie-2022-23\/"},"author":{"name":"admin","@id":"https:\/\/wlkskrakus.pl\/pilka\/#\/schema\/person\/28cb240a3a062b81767c639f7052f28b"},"headline":"Zmiana wysoko\u015bci op\u0142at w sezonie 2022\/23","datePublished":"2022-08-31T09:22:56+00:00","dateModified":"2023-09-01T07:48:13+00:00","mainEntityOfPage":{"@id":"https:\/\/wlkskrakus.pl\/pilka\/zmiana-wysokosci-oplat-w-sezonie-2022-23\/"},"wordCount":136,"publisher":{"@id":"https:\/\/wlkskrakus.pl\/pilka\/#organization"},"articleSection":["Klub"],"inLanguage":"pl-PL"},{"@type":"WebPage","@id":"https:\/\/wlkskrakus.pl\/pilka\/zmiana-wysokosci-oplat-w-sezonie-2022-23\/","url":"https:\/\/wlkskrakus.pl\/pilka\/zmiana-wysokosci-oplat-w-sezonie-2022-23\/","name":"Zmiana wysoko\u015bci op\u0142at w sezonie 2022\/23 - WLKS KRAKUS SWOSZOWICE","isPartOf":{"@id":"https:\/\/wlkskrakus.pl\/pilka\/#website"},"datePublished":"2022-08-31T09:22:56+00:00","dateModified":"2023-09-01T07:48:13+00:00","breadcrumb":{"@id":"https:\/\/wlkskrakus.pl\/pilka\/zmiana-wysokosci-oplat-w-sezonie-2022-23\/#breadcrumb"},"inLanguage":"pl-PL","potentialAction":[{"@type":"ReadAction","target":["https:\/\/wlkskrakus.pl\/pilka\/zmiana-wysokosci-oplat-w-sezonie-2022-23\/"]}]},{"@type":"BreadcrumbList","@id":"https:\/\/wlkskrakus.pl\/pilka\/zmiana-wysokosci-oplat-w-sezonie-2022-23\/#breadcrumb","itemListElement":[{"@type":"ListItem","position":1,"name":"Strona g\u0142\u00f3wna","item":"https:\/\/wlkskrakus.pl\/pilka\/"},{"@type":"ListItem","position":2,"name":"Zmiana wysoko\u015bci op\u0142at w sezonie 2022\/23"}]},{"@type":"WebSite","@id":"https:\/\/wlkskrakus.pl\/pilka\/#website","url":"https:\/\/wlkskrakus.pl\/pilka\/","name":"WLKS KRAKUS SWOSZOWICE","description":"SEKCJA PI\u0141KI NO\u017bNEJ","publisher":{"@id":"https:\/\/wlkskrakus.pl\/pilka\/#organization"},"potentialAction":[{"@type":"SearchAction","target":{"@type":"EntryPoint","urlTemplate":"https:\/\/wlkskrakus.pl\/pilka\/?s={search_term_string}"},"query-input":"required name=search_term_string"}],"inLanguage":"pl-PL"},{"@type":"Organization","@id":"https:\/\/wlkskrakus.pl\/pilka\/#organization","name":"WLKS KRAKUS SWOSZOWICE","url":"https:\/\/wlkskrakus.pl\/pilka\/","logo":{"@type":"ImageObject","inLanguage":"pl-PL","@id":"https:\/\/wlkskrakus.pl\/pilka\/#\/schema\/logo\/image\/","url":"https:\/\/wlkskrakus.pl\/pilka\/wp-content\/uploads\/2023\/03\/cropped-logo.png","contentUrl":"https:\/\/wlkskrakus.pl\/pilka\/wp-content\/uploads\/2023\/03\/cropped-logo.png","width":512,"height":512,"caption":"WLKS KRAKUS SWOSZOWICE"},"image":{"@id":"https:\/\/wlkskrakus.pl\/pilka\/#\/schema\/logo\/image\/"}},{"@type":"Person","@id":"https:\/\/wlkskrakus.pl\/pilka\/#\/schema\/person\/28cb240a3a062b81767c639f7052f28b","name":"admin","image":{"@type":"ImageObject","inLanguage":"pl-PL","@id":"https:\/\/wlkskrakus.pl\/pilka\/#\/schema\/person\/image\/","url":"https:\/\/secure.gravatar.com\/avatar\/131ca7a19a6d8ebc7913d9f6c7cb6fec7aaa4fed0925d3408ed04c3ea704fa1b?s=96&d=mm&r=g","contentUrl":"https:\/\/secure.gravatar.com\/avatar\/131ca7a19a6d8ebc7913d9f6c7cb6fec7aaa4fed0925d3408ed04c3ea704fa1b?s=96&d=mm&r=g","caption":"admin"},"url":"https:\/\/wlkskrakus.pl\/pilka\/author\/admin\/"}]}},"_links":{"self":[{"href":"https:\/\/wlkskrakus.pl\/pilka\/wp-json\/wp\/v2\/posts\/11575","targetHints":{"allow":["GET"]}}],"collection":[{"href":"https:\/\/wlkskrakus.pl\/pilka\/wp-json\/wp\/v2\/posts"}],"about":[{"href":"https:\/\/wlkskrakus.pl\/pilka\/wp-json\/wp\/v2\/types\/post"}],"author":[{"embeddable":true,"href":"https:\/\/wlkskrakus.pl\/pilka\/wp-json\/wp\/v2\/users\/4"}],"replies":[{"embeddable":true,"href":"https:\/\/wlkskrakus.pl\/pilka\/wp-json\/wp\/v2\/comments?post=11575"}],"version-history":[{"count":0,"href":"https:\/\/wlkskrakus.pl\/pilka\/wp-json\/wp\/v2\/posts\/11575\/revisions"}],"wp:featuredmedia":[{"embeddable":true,"href":"https:\/\/wlkskrakus.pl\/pilka\/wp-json\/wp\/v2\/media\/18693"}],"wp:attachment":[{"href":"https:\/\/wlkskrakus.pl\/pilka\/wp-json\/wp\/v2\/media?parent=11575"}],"wp:term":[{"taxonomy":"category","embeddable":true,"href":"https:\/\/wlkskrakus.pl\/pilka\/wp-json\/wp\/v2\/categories?post=11575"},{"taxonomy":"post_tag","embeddable":true,"href":"https:\/\/wlkskrakus.pl\/pilka\/wp-json\/wp\/v2\/tags?post=11575"}],"curies":[{"name":"wp","href":"https:\/\/api.w.org\/{rel}","templated":true}]}}